 
{"id":85943,"date":"2024-06-27T09:11:03","date_gmt":"2024-06-27T09:11:03","guid":{"rendered":"https:\/\/www.icscoolenergy.com\/hu\/blog\/bemutatjuk-az-i-temp-compact-eco-line-t-az-energiatakarekos-homerseklet-szabalyozas-uj-szabvanya\/"},"modified":"2024-11-30T11:14:46","modified_gmt":"2024-11-30T11:14:46","slug":"bemutatjuk-az-i-temp-compact-eco-line-t-az-energiatakarekos-homerseklet-szabalyozas-uj-szabvanya","status":"publish","type":"post","link":"https:\/\/www.icscoolenergy.com\/hu\/hirek\/homerseklet-szabalyozas\/bemutatjuk-az-i-temp-compact-eco-line-t-az-energiatakarekos-homerseklet-szabalyozas-uj-szabvanya\/","title":{"rendered":"Bemutatjuk az i-Temp Compact eco.line-t &#8211; Az energiatakar\u00e9kos h\u0151m\u00e9rs\u00e9klet-szab\u00e1lyoz\u00e1s \u00faj szabv\u00e1nya"},"content":{"rendered":"\n<p class=\" eplus-wrapper\">B\u00fcszk\u00e9n jelentj\u00fck be, hogy az <a href=\"\/?p=83785\" class=\"ek-link\">eco.line sorozat<\/a> bevezet\u00e9s\u00e9vel b\u0151v\u00edtett\u00fck i-TEMP h\u0151m\u00e9rs\u00e9klet-szab\u00e1lyoz\u00f3 egys\u00e9g (TCU) portf\u00f3li\u00f3nkat.<\/p>\n\n<p class=\" eplus-wrapper\">Az \u00faj i-TEMP COMPACT eco.line egys\u00e9geket, amelyek jelenleg a leghat\u00e9konyabb integr\u00e1lt TCU-k a piacon, \u00fagy tervezt\u00e9k, hogy megfeleljenek a m\u0171anyag-form\u00e1z\u00e1si folyamatok \u00e9s m\u00e1s ipari alkalmaz\u00e1sok ig\u00e9nyes k\u00f6vetelm\u00e9nyeinek, kiv\u00e9teles energiahat\u00e9konys\u00e1got \u00e9s h\u0151m\u00e9rs\u00e9klet-szab\u00e1lyoz\u00e1si pontoss\u00e1got k\u00edn\u00e1lva.<\/p>\n\n<p class=\" eplus-wrapper\">Minden eco.line modell alapfelszerelts\u00e9gk\u00e9nt szivatty\u00fahat\u00e9konys\u00e1gi modullal (PEM) van felszerelve, amely szab\u00e1lyozza a szivatty\u00fak fordulatsz\u00e1m\u00e1t, \u00e9s k\u00fcl\u00f6n\u00f6sen magas szint\u0171 energiahat\u00e9konys\u00e1got eredm\u00e9nyez.  <\/p>\n\n<p class=\" eplus-wrapper\">A hagyom\u00e1nyos, nem vez\u00e9relt perif\u00e9ri\u00e1s szivatty\u00fakkal m\u0171k\u00f6d\u0151 technol\u00f3gi\u00e1khoz k\u00e9pest az eco.line megold\u00e1sok ak\u00e1r 92%-os energiamegtakar\u00edt\u00e1st is el\u00e9rhetnek, ami k\u00f6zvetlen\u00fcl a sz\u00e9n-dioxid-kibocs\u00e1t\u00e1s cs\u00f6kken\u00e9s\u00e9t jelenti. A kompakt eco.line rendszerek emellett &#8222;hossz\u00fa \u00e9lettartam\u00fa&#8221; rozsdamentes ac\u00e9l f\u0171t\u0151bet\u00e9tet haszn\u00e1lnak, \u00e9s sz\u00e9les k\u00f6r\u0171 interf\u00e9sz- \u00e9s felszerel\u00e9si lehet\u0151s\u00e9geket k\u00edn\u00e1lnak. <\/p>\n\n<blockquote class=\"wp-block-quote eplus-wrapper is-layout-flow wp-block-quote-is-layout-flow\">\n<p class=\" eplus-wrapper\">&#8222;Az \u00faj eco.line sorozat \u00faj m\u00e9rc\u00e9t \u00e1ll\u00edt fel a fenntarthat\u00f3s\u00e1g, az energiahat\u00e9konys\u00e1g \u00e9s a felhaszn\u00e1l\u00f3i k\u00e9nyelem ter\u00e9n a h\u0151m\u00e9rs\u00e9klet-szab\u00e1lyoz\u00e1s ter\u00e9n, \u00e9s a k\u00edn\u00e1latunkat az \u00fcgyfeleink sz\u00e9n-dioxid-kibocs\u00e1t\u00e1s\u00e1nak cs\u00f6kkent\u00e9s\u00e9re \u00e9s a folyamatok k\u00f6r\u00fclm\u00e9nyeinek optimaliz\u00e1l\u00e1s\u00e1ra \u00f6sszpontos\u00edtva alak\u00edtja ki.  <\/p>\n\n\n\n<p class=\" eplus-wrapper\">Az eco.line sorozat megb\u00edzhat\u00f3 h\u0151m\u00e9rs\u00e9klet-szab\u00e1lyoz\u00e1st \u00e9s kiv\u00e1l\u00f3 teljes\u00edtm\u00e9nyt biztos\u00edt, mik\u00f6zben jelent\u0151sen cs\u00f6kkenti az energiafogyaszt\u00e1st, ez\u00e1ltal fokozza \u00fcgyfeleink folyamatainak stabilit\u00e1s\u00e1t \u00e9s hat\u00e9konys\u00e1g\u00e1t.&#8221;<\/p>\n<cite>Dave Palmer, vez\u00e9rigazgat\u00f3<\/cite><\/blockquote>\n\n<h3 class=\" wp-block-heading eplus-wrapper\" id=\"h-key-features\">F\u0151bb jellemz\u0151k<\/h3>\n\n<div class=\"wp-block-group eplus-wrapper is-layout-constrained wp-block-group-is-layout-constrained\">\n<p class=\" eplus-wrapper\"><\/p>\n\n\n\n<p class=\" eplus-wrapper\"><strong>P\u00e1ratlan hat\u00e9konys\u00e1g<\/strong>: Az eco.line TCU-k nagy hat\u00e9konys\u00e1g\u00fa, fordulatsz\u00e1m-szab\u00e1lyoz\u00e1ssal ell\u00e1tott centrifug\u00e1lszivatty\u00fakkal rendelkeznek, amelyek ak\u00e1r 92%-kal cs\u00f6kkentik az energiafelhaszn\u00e1l\u00e1st \u00e9s a sz\u00e9n-dioxid-kibocs\u00e1t\u00e1st.<\/p>\n\n\n\n<p class=\" eplus-wrapper\"><strong>Fejlett vez\u00e9rl\u0151rendszerek<\/strong>: A k\u00e9sz\u00fcl\u00e9kek tartalmazz\u00e1k a kompaktControl vez\u00e9rl\u0151t 7 h\u00fcvelykes multi-touch kijelz\u0151vel, amely felhaszn\u00e1l\u00f3bar\u00e1t kezel\u00e9st \u00e9s k\u00fcl\u00f6nb\u00f6z\u0151 szivatty\u00fasebess\u00e9g-szab\u00e1lyoz\u00e1si lehet\u0151s\u00e9geket k\u00edn\u00e1l az optim\u00e1lis teljes\u00edtm\u00e9ny \u00e9rdek\u00e9ben.<\/p>\n\n\n\n<p class=\" eplus-wrapper\"><strong>Fenntarthat\u00f3s\u00e1g \u00e9s k\u00f6lts\u00e9ghat\u00e9konys\u00e1g<\/strong>: Az eco.line jelent\u0151s \u00e1ramfogyaszt\u00e1s-cs\u00f6kkent\u00e9se alacsonyabb sz\u00e9n-dioxid-kibocs\u00e1t\u00e1st \u00e9s m\u0171k\u00f6d\u00e9si k\u00f6lts\u00e9gmegtakar\u00edt\u00e1st eredm\u00e9nyez. A centrifug\u00e1lszivatty\u00faval ell\u00e1tott eco.line egys\u00e9g eset\u00e9ben vez\u00e9rl\u00e9si \u00fczemm\u00f3dban (\u0394T vez\u00e9rl\u00e9s), tipikus h\u00e1rom m\u0171szakos \u00fczemben, termel\u00e9si k\u00f6r\u00fclm\u00e9nyek k\u00f6z\u00f6tt, 85 l\/perc \u00e1raml\u00e1si sebess\u00e9ggel \u00e9s 27 kW f\u0171t\u00e9si teljes\u00edtm\u00e9nnyel: az \u00e9ves energiafelhaszn\u00e1l\u00e1s ak\u00e1r 1160 kWh is lehet, ami jelent\u0151s k\u00f6lts\u00e9g- \u00e9s k\u00f6rnyezetv\u00e9delmi el\u0151ny\u00f6ket biztos\u00edt. <\/p>\n\n\n\n<p class=\" eplus-wrapper\"><strong>10 \u00e9v garancia<\/strong> a f\u0171t\u0151elemekre, amely hossz\u00fa t\u00e1v\u00fa megb\u00edzhat\u00f3s\u00e1got \u00e9s nyugalmat biztos\u00edt.<\/p>\n<\/div>\n\n<p class=\" eplus-wrapper\">Az <a href=\"\/?product_cat=temperature-control-unit-sales\" class=\"ek-link\">i-TEMP term\u00e9kcsal\u00e1dot<\/a> kifejezetten az ICS Cool Energy sz\u00e1m\u00e1ra gy\u00e1rtj\u00e1k, kiv\u00e1l\u00f3 min\u0151s\u00e9g\u0171 n\u00e9met tervez\u00e9ssel, egyszer\u0171en telep\u00edthet\u0151, \u00e9s p\u00e1ratlan h\u0151m\u00e9rs\u00e9klet-szab\u00e1lyoz\u00e1st biztos\u00edt olyan alkalmaz\u00e1sokban, mint a k\u00f6penyes ed\u00e9nyek, k\u00f6penyes cs\u0151vezet\u00e9kek \u00e9s form\u00e1z\u00f3g\u00e9pek.<\/p>\n\n<p class=\" eplus-wrapper\">Az i-TEMP COMPACT base.line, high.line, eco.line \u00e9s i-TEMP flex.line sorozat sz\u00e9les teljes\u00edtm\u00e9nytartom\u00e1nyt k\u00edn\u00e1l, modul\u00e1ris fel\u00e9p\u00edt\u00e9s\u0171, a f\u0171t\u0151- \u00e9s h\u0171t\u0151elemek k\u00fcl\u00f6nb\u00f6z\u0151 kombin\u00e1ci\u00f3ival, hogy a legk\u00fcl\u00f6nf\u00e9l\u00e9bb alkalmaz\u00e1sok, p\u00e9ld\u00e1ul a m\u0171anyag- \u00e9s kompozitfeldolgoz\u00e1s, \u00e9lelmiszer-feldolgoz\u00e1s, gumiextrud\u00e1l\u00e1s, vegyipar, gy\u00f3gyszeripar \u00e9s OEM-gy\u00e1rt\u00e1s sz\u00e9les k\u00f6r\u00e9nek megfeleljen.  <\/p>\n\n<p class=\" eplus-wrapper\">A k\u00f6zvetlen \u00e9s k\u00f6zvetett h\u0171t\u00e9si lehet\u0151s\u00e9gekkel egyar\u00e1nt rendelkez\u00e9sre \u00e1ll\u00f3 v\u00edz-, g\u0151z-v\u00edz \u00e9s olajh\u0151m\u00e9rs\u00e9klet-szab\u00e1lyoz\u00f3 egys\u00e9gek fejlett vez\u00e9rl\u0151kkel vannak felszerelve, amelyek a folyamat h\u0151m\u00e9rs\u00e9klet\u00e9nek pontos szab\u00e1lyoz\u00e1s\u00e1t \u00e9s megism\u00e9telhet\u0151s\u00e9g\u00e9t biztos\u00edtj\u00e1k ak\u00e1r 400\u00b0C-ig.<\/p>\n\n<figure class=\" wp-block-image size-full eplus-wrapper\"><img decoding=\"async\" src=\"https:\/\/www.icscoolenergy.com\/hu\/wp-content\/\/uploads\/2024\/06\/Training-room-tcu.jpg\" alt=\"Edz&#x151;termi h&#x151;m&#xE9;rs&#xE9;klet-szab&#xE1;lyoz&#xF3; egys&#xE9;g\" class=\"wp-image-85239\"\/><\/figure>\n\n<p class=\" eplus-wrapper\">Az \u00faj eco.line sorozat \u00e9s m\u00e1s TCU-k kulcsfontoss\u00e1g\u00fa elemei az ICS Cool Energy legmodernebb k\u00e9pz\u00e9si csomagj\u00e1nak, amelyet nemr\u00e9giben ind\u00edtottak el a tottoni l\u00e9tes\u00edtm\u00e9ny\u00e9ben. Ezt a labort \u00fagy tervezt\u00e9k, hogy gyakorlati k\u00e9pz\u00e9st ny\u00fajtson a technikusok \u00e9s az \u00fcgyfelek sz\u00e1m\u00e1ra, biztos\u00edtva, hogy gyakorlati tapasztalatot szerezzenek a berendez\u00e9sek be\u00e1ll\u00edt\u00e1s\u00e1val, telep\u00edt\u00e9s\u00e9vel \u00e9s karbantart\u00e1s\u00e1val kapcsolatban.   <\/p>\n\n<p class=\" eplus-wrapper\">A val\u00f3s \u00e9letb\u0151l vett szimul\u00e1ci\u00f3k \u00e9s \u00e1tfog\u00f3 oktat\u00e1si forr\u00e1sok seg\u00edts\u00e9g\u00e9vel a k\u00e9pz\u00e9si csomag lehet\u0151v\u00e9 teszi a r\u00e9sztvev\u0151k sz\u00e1m\u00e1ra, hogy teljes m\u00e9rt\u00e9kben meg\u00e9rts\u00e9k \u00e9s optimaliz\u00e1lj\u00e1k a h\u0151m\u00e9rs\u00e9klet-szab\u00e1lyoz\u00f3 rendszerek teljes\u00edtm\u00e9ny\u00e9t.<\/p>\n\n<p class=\" eplus-wrapper\">Tekintse meg \u00faj <a href=\"\/?product_cat=temperature-control-unit-sales\" class=\"ek-link\">h\u0151m\u00e9rs\u00e9klet-szab\u00e1lyoz\u00f3 egys\u00e9g<\/a> k\u00edn\u00e1latunkat <a href=\"\/?product_cat=temperature-control-unit-sales\" class=\"ek-link\"> &gt;<\/a> <\/p>\n\n<div class=\"wp-block-buttons eplus-wrapper is-layout-flex wp-block-buttons-is-layout-flex\"><\/div>\n","protected":false},"excerpt":{"rendered":"<p>B\u00fcszk\u00e9n jelentj\u00fck be, hogy az eco.line sorozat bevezet\u00e9s\u00e9vel b\u0151v\u00edtett\u00fck i-TEMP h\u0151m\u00e9rs\u00e9klet-szab\u00e1lyoz\u00f3 egys\u00e9g (TCU) portf\u00f3li\u00f3nkat. Az \u00faj i-TEMP COMPACT eco.line egys\u00e9geket, amelyek jelenleg a leghat\u00e9konyabb integr\u00e1lt TCU-k a piacon, \u00fagy tervezt\u00e9k, hogy megfeleljenek a m\u0171anyag-form\u00e1z\u00e1si folyamatok \u00e9s m\u00e1s ipari alkalmaz\u00e1sok ig\u00e9nyes k\u00f6vetelm\u00e9nyeinek, kiv\u00e9teles energiahat\u00e9konys\u00e1got \u00e9s h\u0151m\u00e9rs\u00e9klet-szab\u00e1lyoz\u00e1si pontoss\u00e1got k\u00edn\u00e1lva. Minden eco.line modell alapfelszerelts\u00e9gk\u00e9nt szivatty\u00fahat\u00e9konys\u00e1gi modullal (PEM) van &#8230; <a title=\"Bemutatjuk az i-Temp Compact eco.line-t &#8211; Az energiatakar\u00e9kos h\u0151m\u00e9rs\u00e9klet-szab\u00e1lyoz\u00e1s \u00faj szabv\u00e1nya\" class=\"read-more\" href=\"https:\/\/www.icscoolenergy.com\/hu\/hirek\/homerseklet-szabalyozas\/bemutatjuk-az-i-temp-compact-eco-line-t-az-energiatakarekos-homerseklet-szabalyozas-uj-szabvanya\/\" aria-label=\"More on Bemutatjuk az i-Temp Compact eco.line-t &#8211; Az energiatakar\u00e9kos h\u0151m\u00e9rs\u00e9klet-szab\u00e1lyoz\u00e1s \u00faj szabv\u00e1nya\">Read more<\/a><\/p>\n","protected":false},"author":15,"featured_media":0,"comment_status":"closed","ping_status":"open","sticky":false,"template":"","format":"standard","meta":{"_acf_changed":false,"inline_featured_image":false,"_editorskit_title_hidden":false,"_editorskit_reading_time":0,"_editorskit_is_block_options_detached":false,"_editorskit_block_options_position":"{}","editor_plus_copied_stylings":"{}","footnotes":""},"categories":[2015,2000],"tags":[],"class_list":["post-85943","post","type-post","status-publish","format-standard","hentry","category-homerseklet-szabalyozas","category-uncategorized-hu"],"acf":[],"yoast_head":"<!-- This site is optimized with the Yoast SEO Premium plugin v24.5 (Yoast SEO v26.9) - https:\/\/yoast.com\/product\/yoast-seo-premium-wordpress\/ -->\n<title>Bemutatjuk az i-Temp Compact eco.line-t - Az energiatakar\u00e9kos h\u0151m\u00e9rs\u00e9klet-szab\u00e1lyoz\u00e1s \u00faj szabv\u00e1nya | Hungary<\/title>\n<meta name=\"robots\" content=\"index, follow, max-snippet:-1, max-image-preview:large, max-video-preview:-1\" \/>\n<link rel=\"canonical\" href=\"https:\/\/www.icscoolenergy.com\/hu\/hirek\/homerseklet-szabalyozas\/bemutatjuk-az-i-temp-compact-eco-line-t-az-energiatakarekos-homerseklet-szabalyozas-uj-szabvanya\/\" \/>\n<meta property=\"og:locale\" content=\"hu_HU\" \/>\n<meta property=\"og:type\" content=\"article\" \/>\n<meta property=\"og:title\" content=\"Bemutatjuk az i-Temp Compact eco.line-t - Az energiatakar\u00e9kos h\u0151m\u00e9rs\u00e9klet-szab\u00e1lyoz\u00e1s \u00faj szabv\u00e1nya\" \/>\n<meta property=\"og:description\" content=\"B\u00fcszk\u00e9n jelentj\u00fck be, hogy az eco.line sorozat bevezet\u00e9s\u00e9vel b\u0151v\u00edtett\u00fck i-TEMP h\u0151m\u00e9rs\u00e9klet-szab\u00e1lyoz\u00f3 egys\u00e9g (TCU) portf\u00f3li\u00f3nkat. Az \u00faj i-TEMP COMPACT eco.line egys\u00e9geket, amelyek jelenleg a leghat\u00e9konyabb integr\u00e1lt TCU-k a piacon, \u00fagy tervezt\u00e9k, hogy megfeleljenek a m\u0171anyag-form\u00e1z\u00e1si folyamatok \u00e9s m\u00e1s ipari alkalmaz\u00e1sok ig\u00e9nyes k\u00f6vetelm\u00e9nyeinek, kiv\u00e9teles energiahat\u00e9konys\u00e1got \u00e9s h\u0151m\u00e9rs\u00e9klet-szab\u00e1lyoz\u00e1si pontoss\u00e1got k\u00edn\u00e1lva. Minden eco.line modell alapfelszerelts\u00e9gk\u00e9nt szivatty\u00fahat\u00e9konys\u00e1gi modullal (PEM) van ... Read more\" \/>\n<meta property=\"og:url\" content=\"https:\/\/www.icscoolenergy.com\/hu\/hirek\/homerseklet-szabalyozas\/bemutatjuk-az-i-temp-compact-eco-line-t-az-energiatakarekos-homerseklet-szabalyozas-uj-szabvanya\/\" \/>\n<meta property=\"og:site_name\" content=\"Hungary\" \/>\n<meta property=\"article:published_time\" content=\"2024-06-27T09:11:03+00:00\" \/>\n<meta property=\"article:modified_time\" content=\"2024-11-30T11:14:46+00:00\" \/>\n<meta property=\"og:image\" content=\"https:\/\/www.icscoolenergy.com\/hu\/wp-content\/\/uploads\/2024\/06\/Training-room-tcu.jpg\" \/>\n<meta name=\"author\" content=\"ollieacton\" \/>\n<meta name=\"twitter:card\" content=\"summary_large_image\" \/>\n<meta name=\"twitter:label1\" content=\"Written by\" \/>\n\t<meta name=\"twitter:data1\" content=\"ollieacton\" \/>\n\t<meta name=\"twitter:label2\" content=\"Est. reading time\" \/>\n\t<meta name=\"twitter:data2\" content=\"4 perc\" \/>\n<script type=\"application\/ld+json\" class=\"yoast-schema-graph\">{\"@context\":\"https:\/\/schema.org\",\"@graph\":[{\"@type\":\"Article\",\"@id\":\"https:\/\/www.icscoolenergy.com\/hu\/hirek\/homerseklet-szabalyozas\/bemutatjuk-az-i-temp-compact-eco-line-t-az-energiatakarekos-homerseklet-szabalyozas-uj-szabvanya\/#article\",\"isPartOf\":{\"@id\":\"https:\/\/www.icscoolenergy.com\/hu\/hirek\/homerseklet-szabalyozas\/bemutatjuk-az-i-temp-compact-eco-line-t-az-energiatakarekos-homerseklet-szabalyozas-uj-szabvanya\/\"},\"author\":{\"name\":\"ollieacton\",\"@id\":\"https:\/\/www.icscoolenergy.com\/hu\/#\/schema\/person\/b420c23731607d001042da9e9b0cac15\"},\"headline\":\"Bemutatjuk az i-Temp Compact eco.line-t &#8211; Az energiatakar\u00e9kos h\u0151m\u00e9rs\u00e9klet-szab\u00e1lyoz\u00e1s \u00faj szabv\u00e1nya\",\"datePublished\":\"2024-06-27T09:11:03+00:00\",\"dateModified\":\"2024-11-30T11:14:46+00:00\",\"mainEntityOfPage\":{\"@id\":\"https:\/\/www.icscoolenergy.com\/hu\/hirek\/homerseklet-szabalyozas\/bemutatjuk-az-i-temp-compact-eco-line-t-az-energiatakarekos-homerseklet-szabalyozas-uj-szabvanya\/\"},\"wordCount\":911,\"publisher\":{\"@id\":\"https:\/\/www.icscoolenergy.com\/hu\/#organization\"},\"image\":{\"@id\":\"https:\/\/www.icscoolenergy.com\/hu\/hirek\/homerseklet-szabalyozas\/bemutatjuk-az-i-temp-compact-eco-line-t-az-energiatakarekos-homerseklet-szabalyozas-uj-szabvanya\/#primaryimage\"},\"thumbnailUrl\":\"https:\/\/www.icscoolenergy.com\/hu\/wp-content\/\/uploads\/2024\/06\/Training-room-tcu.jpg\",\"articleSection\":[\"H\u0151m\u00e9rs\u00e9klet-szab\u00e1lyoz\u00e1s\",\"Uncategorized @hu\"],\"inLanguage\":\"hu\"},{\"@type\":\"WebPage\",\"@id\":\"https:\/\/www.icscoolenergy.com\/hu\/hirek\/homerseklet-szabalyozas\/bemutatjuk-az-i-temp-compact-eco-line-t-az-energiatakarekos-homerseklet-szabalyozas-uj-szabvanya\/\",\"url\":\"https:\/\/www.icscoolenergy.com\/hu\/hirek\/homerseklet-szabalyozas\/bemutatjuk-az-i-temp-compact-eco-line-t-az-energiatakarekos-homerseklet-szabalyozas-uj-szabvanya\/\",\"name\":\"Bemutatjuk az i-Temp Compact eco.line-t - Az energiatakar\u00e9kos h\u0151m\u00e9rs\u00e9klet-szab\u00e1lyoz\u00e1s \u00faj szabv\u00e1nya | Hungary\",\"isPartOf\":{\"@id\":\"https:\/\/www.icscoolenergy.com\/hu\/#website\"},\"primaryImageOfPage\":{\"@id\":\"https:\/\/www.icscoolenergy.com\/hu\/hirek\/homerseklet-szabalyozas\/bemutatjuk-az-i-temp-compact-eco-line-t-az-energiatakarekos-homerseklet-szabalyozas-uj-szabvanya\/#primaryimage\"},\"image\":{\"@id\":\"https:\/\/www.icscoolenergy.com\/hu\/hirek\/homerseklet-szabalyozas\/bemutatjuk-az-i-temp-compact-eco-line-t-az-energiatakarekos-homerseklet-szabalyozas-uj-szabvanya\/#primaryimage\"},\"thumbnailUrl\":\"https:\/\/www.icscoolenergy.com\/hu\/wp-content\/\/uploads\/2024\/06\/Training-room-tcu.jpg\",\"datePublished\":\"2024-06-27T09:11:03+00:00\",\"dateModified\":\"2024-11-30T11:14:46+00:00\",\"breadcrumb\":{\"@id\":\"https:\/\/www.icscoolenergy.com\/hu\/hirek\/homerseklet-szabalyozas\/bemutatjuk-az-i-temp-compact-eco-line-t-az-energiatakarekos-homerseklet-szabalyozas-uj-szabvanya\/#breadcrumb\"},\"inLanguage\":\"hu\",\"potentialAction\":[{\"@type\":\"ReadAction\",\"target\":[\"https:\/\/www.icscoolenergy.com\/hu\/hirek\/homerseklet-szabalyozas\/bemutatjuk-az-i-temp-compact-eco-line-t-az-energiatakarekos-homerseklet-szabalyozas-uj-szabvanya\/\"]}]},{\"@type\":\"ImageObject\",\"inLanguage\":\"hu\",\"@id\":\"https:\/\/www.icscoolenergy.com\/hu\/hirek\/homerseklet-szabalyozas\/bemutatjuk-az-i-temp-compact-eco-line-t-az-energiatakarekos-homerseklet-szabalyozas-uj-szabvanya\/#primaryimage\",\"url\":\"\",\"contentUrl\":\"\"},{\"@type\":\"BreadcrumbList\",\"@id\":\"https:\/\/www.icscoolenergy.com\/hu\/hirek\/homerseklet-szabalyozas\/bemutatjuk-az-i-temp-compact-eco-line-t-az-energiatakarekos-homerseklet-szabalyozas-uj-szabvanya\/#breadcrumb\",\"itemListElement\":[{\"@type\":\"ListItem\",\"position\":1,\"name\":\"Home\",\"item\":\"https:\/\/www.icscoolenergy.com\/hu\/\"},{\"@type\":\"ListItem\",\"position\":2,\"name\":\"Bemutatjuk az i-Temp Compact eco.line-t &#8211; Az energiatakar\u00e9kos h\u0151m\u00e9rs\u00e9klet-szab\u00e1lyoz\u00e1s \u00faj szabv\u00e1nya\"}]},{\"@type\":\"WebSite\",\"@id\":\"https:\/\/www.icscoolenergy.com\/hu\/#website\",\"url\":\"https:\/\/www.icscoolenergy.com\/hu\/\",\"name\":\"ICS Cool Energy\",\"description\":\"The Process Temperature Control Specialists\",\"publisher\":{\"@id\":\"https:\/\/www.icscoolenergy.com\/hu\/#organization\"},\"alternateName\":\"ICS\",\"potentialAction\":[{\"@type\":\"SearchAction\",\"target\":{\"@type\":\"EntryPoint\",\"urlTemplate\":\"https:\/\/www.icscoolenergy.com\/hu\/?s={search_term_string}\"},\"query-input\":{\"@type\":\"PropertyValueSpecification\",\"valueRequired\":true,\"valueName\":\"search_term_string\"}}],\"inLanguage\":\"hu\"},{\"@type\":\"Organization\",\"@id\":\"https:\/\/www.icscoolenergy.com\/hu\/#organization\",\"name\":\"ICS Cool Energy\",\"url\":\"https:\/\/www.icscoolenergy.com\/hu\/\",\"logo\":{\"@type\":\"ImageObject\",\"inLanguage\":\"hu\",\"@id\":\"https:\/\/www.icscoolenergy.com\/hu\/#\/schema\/logo\/image\/\",\"url\":\"https:\/\/www.icscoolenergy.com\/wp-content\/uploads\/sites\/10\/2024\/01\/ics-cool-energy-logo.svg\",\"contentUrl\":\"https:\/\/www.icscoolenergy.com\/wp-content\/uploads\/sites\/10\/2024\/01\/ics-cool-energy-logo.svg\",\"caption\":\"ICS Cool Energy\"},\"image\":{\"@id\":\"https:\/\/www.icscoolenergy.com\/hu\/#\/schema\/logo\/image\/\"},\"sameAs\":[\"https:\/\/www.linkedin.com\/company\/ics-temperature-control\/\",\"https:\/\/www.youtube.com\/@ICSCoolEnergyLtd\"],\"description\":\"ICS Cool Energy is a market leader for process and critical temperature control solutions that keep all types and sizes of businesses and industry running. Our headquarters are situated in Southampton, with offices throughout the UK and Europe, employing over 250 people in the UK alone.\",\"email\":\"info@icscoolenergy.com\",\"telephone\":\"0800 840 4210\",\"legalName\":\"ICS Cool Energy Limited\",\"numberOfEmployees\":{\"@type\":\"QuantitativeValue\",\"minValue\":\"201\",\"maxValue\":\"500\"}},{\"@type\":\"Person\",\"@id\":\"https:\/\/www.icscoolenergy.com\/hu\/#\/schema\/person\/b420c23731607d001042da9e9b0cac15\",\"name\":\"ollieacton\",\"image\":{\"@type\":\"ImageObject\",\"inLanguage\":\"hu\",\"@id\":\"https:\/\/www.icscoolenergy.com\/hu\/#\/schema\/person\/image\/\",\"url\":\"https:\/\/secure.gravatar.com\/avatar\/356981a1b33381ec621324e24502866c89d1cc52f837eb462ee5da5e3fdbc14c?s=96&d=mm&r=g\",\"contentUrl\":\"https:\/\/secure.gravatar.com\/avatar\/356981a1b33381ec621324e24502866c89d1cc52f837eb462ee5da5e3fdbc14c?s=96&d=mm&r=g\",\"caption\":\"ollieacton\"}}]}<\/script>\n<!-- \/ Yoast SEO Premium plugin. -->","yoast_head_json":{"title":"Bemutatjuk az i-Temp Compact eco.line-t - Az energiatakar\u00e9kos h\u0151m\u00e9rs\u00e9klet-szab\u00e1lyoz\u00e1s \u00faj szabv\u00e1nya | Hungary","robots":{"index":"index","follow":"follow","max-snippet":"max-snippet:-1","max-image-preview":"max-image-preview:large","max-video-preview":"max-video-preview:-1"},"canonical":"https:\/\/www.icscoolenergy.com\/hu\/hirek\/homerseklet-szabalyozas\/bemutatjuk-az-i-temp-compact-eco-line-t-az-energiatakarekos-homerseklet-szabalyozas-uj-szabvanya\/","og_locale":"hu_HU","og_type":"article","og_title":"Bemutatjuk az i-Temp Compact eco.line-t - Az energiatakar\u00e9kos h\u0151m\u00e9rs\u00e9klet-szab\u00e1lyoz\u00e1s \u00faj szabv\u00e1nya","og_description":"B\u00fcszk\u00e9n jelentj\u00fck be, hogy az eco.line sorozat bevezet\u00e9s\u00e9vel b\u0151v\u00edtett\u00fck i-TEMP h\u0151m\u00e9rs\u00e9klet-szab\u00e1lyoz\u00f3 egys\u00e9g (TCU) portf\u00f3li\u00f3nkat. Az \u00faj i-TEMP COMPACT eco.line egys\u00e9geket, amelyek jelenleg a leghat\u00e9konyabb integr\u00e1lt TCU-k a piacon, \u00fagy tervezt\u00e9k, hogy megfeleljenek a m\u0171anyag-form\u00e1z\u00e1si folyamatok \u00e9s m\u00e1s ipari alkalmaz\u00e1sok ig\u00e9nyes k\u00f6vetelm\u00e9nyeinek, kiv\u00e9teles energiahat\u00e9konys\u00e1got \u00e9s h\u0151m\u00e9rs\u00e9klet-szab\u00e1lyoz\u00e1si pontoss\u00e1got k\u00edn\u00e1lva. Minden eco.line modell alapfelszerelts\u00e9gk\u00e9nt szivatty\u00fahat\u00e9konys\u00e1gi modullal (PEM) van ... Read more","og_url":"https:\/\/www.icscoolenergy.com\/hu\/hirek\/homerseklet-szabalyozas\/bemutatjuk-az-i-temp-compact-eco-line-t-az-energiatakarekos-homerseklet-szabalyozas-uj-szabvanya\/","og_site_name":"Hungary","article_published_time":"2024-06-27T09:11:03+00:00","article_modified_time":"2024-11-30T11:14:46+00:00","og_image":[{"url":"https:\/\/www.icscoolenergy.com\/hu\/wp-content\/\/uploads\/2024\/06\/Training-room-tcu.jpg","type":"","width":"","height":""}],"author":"ollieacton","twitter_card":"summary_large_image","twitter_misc":{"Written by":"ollieacton","Est. reading time":"4 perc"},"schema":{"@context":"https:\/\/schema.org","@graph":[{"@type":"Article","@id":"https:\/\/www.icscoolenergy.com\/hu\/hirek\/homerseklet-szabalyozas\/bemutatjuk-az-i-temp-compact-eco-line-t-az-energiatakarekos-homerseklet-szabalyozas-uj-szabvanya\/#article","isPartOf":{"@id":"https:\/\/www.icscoolenergy.com\/hu\/hirek\/homerseklet-szabalyozas\/bemutatjuk-az-i-temp-compact-eco-line-t-az-energiatakarekos-homerseklet-szabalyozas-uj-szabvanya\/"},"author":{"name":"ollieacton","@id":"https:\/\/www.icscoolenergy.com\/hu\/#\/schema\/person\/b420c23731607d001042da9e9b0cac15"},"headline":"Bemutatjuk az i-Temp Compact eco.line-t &#8211; Az energiatakar\u00e9kos h\u0151m\u00e9rs\u00e9klet-szab\u00e1lyoz\u00e1s \u00faj szabv\u00e1nya","datePublished":"2024-06-27T09:11:03+00:00","dateModified":"2024-11-30T11:14:46+00:00","mainEntityOfPage":{"@id":"https:\/\/www.icscoolenergy.com\/hu\/hirek\/homerseklet-szabalyozas\/bemutatjuk-az-i-temp-compact-eco-line-t-az-energiatakarekos-homerseklet-szabalyozas-uj-szabvanya\/"},"wordCount":911,"publisher":{"@id":"https:\/\/www.icscoolenergy.com\/hu\/#organization"},"image":{"@id":"https:\/\/www.icscoolenergy.com\/hu\/hirek\/homerseklet-szabalyozas\/bemutatjuk-az-i-temp-compact-eco-line-t-az-energiatakarekos-homerseklet-szabalyozas-uj-szabvanya\/#primaryimage"},"thumbnailUrl":"https:\/\/www.icscoolenergy.com\/hu\/wp-content\/\/uploads\/2024\/06\/Training-room-tcu.jpg","articleSection":["H\u0151m\u00e9rs\u00e9klet-szab\u00e1lyoz\u00e1s","Uncategorized @hu"],"inLanguage":"hu"},{"@type":"WebPage","@id":"https:\/\/www.icscoolenergy.com\/hu\/hirek\/homerseklet-szabalyozas\/bemutatjuk-az-i-temp-compact-eco-line-t-az-energiatakarekos-homerseklet-szabalyozas-uj-szabvanya\/","url":"https:\/\/www.icscoolenergy.com\/hu\/hirek\/homerseklet-szabalyozas\/bemutatjuk-az-i-temp-compact-eco-line-t-az-energiatakarekos-homerseklet-szabalyozas-uj-szabvanya\/","name":"Bemutatjuk az i-Temp Compact eco.line-t - Az energiatakar\u00e9kos h\u0151m\u00e9rs\u00e9klet-szab\u00e1lyoz\u00e1s \u00faj szabv\u00e1nya | Hungary","isPartOf":{"@id":"https:\/\/www.icscoolenergy.com\/hu\/#website"},"primaryImageOfPage":{"@id":"https:\/\/www.icscoolenergy.com\/hu\/hirek\/homerseklet-szabalyozas\/bemutatjuk-az-i-temp-compact-eco-line-t-az-energiatakarekos-homerseklet-szabalyozas-uj-szabvanya\/#primaryimage"},"image":{"@id":"https:\/\/www.icscoolenergy.com\/hu\/hirek\/homerseklet-szabalyozas\/bemutatjuk-az-i-temp-compact-eco-line-t-az-energiatakarekos-homerseklet-szabalyozas-uj-szabvanya\/#primaryimage"},"thumbnailUrl":"https:\/\/www.icscoolenergy.com\/hu\/wp-content\/\/uploads\/2024\/06\/Training-room-tcu.jpg","datePublished":"2024-06-27T09:11:03+00:00","dateModified":"2024-11-30T11:14:46+00:00","breadcrumb":{"@id":"https:\/\/www.icscoolenergy.com\/hu\/hirek\/homerseklet-szabalyozas\/bemutatjuk-az-i-temp-compact-eco-line-t-az-energiatakarekos-homerseklet-szabalyozas-uj-szabvanya\/#breadcrumb"},"inLanguage":"hu","potentialAction":[{"@type":"ReadAction","target":["https:\/\/www.icscoolenergy.com\/hu\/hirek\/homerseklet-szabalyozas\/bemutatjuk-az-i-temp-compact-eco-line-t-az-energiatakarekos-homerseklet-szabalyozas-uj-szabvanya\/"]}]},{"@type":"ImageObject","inLanguage":"hu","@id":"https:\/\/www.icscoolenergy.com\/hu\/hirek\/homerseklet-szabalyozas\/bemutatjuk-az-i-temp-compact-eco-line-t-az-energiatakarekos-homerseklet-szabalyozas-uj-szabvanya\/#primaryimage","url":"","contentUrl":""},{"@type":"BreadcrumbList","@id":"https:\/\/www.icscoolenergy.com\/hu\/hirek\/homerseklet-szabalyozas\/bemutatjuk-az-i-temp-compact-eco-line-t-az-energiatakarekos-homerseklet-szabalyozas-uj-szabvanya\/#breadcrumb","itemListElement":[{"@type":"ListItem","position":1,"name":"Home","item":"https:\/\/www.icscoolenergy.com\/hu\/"},{"@type":"ListItem","position":2,"name":"Bemutatjuk az i-Temp Compact eco.line-t &#8211; Az energiatakar\u00e9kos h\u0151m\u00e9rs\u00e9klet-szab\u00e1lyoz\u00e1s \u00faj szabv\u00e1nya"}]},{"@type":"WebSite","@id":"https:\/\/www.icscoolenergy.com\/hu\/#website","url":"https:\/\/www.icscoolenergy.com\/hu\/","name":"ICS Cool Energy","description":"The Process Temperature Control Specialists","publisher":{"@id":"https:\/\/www.icscoolenergy.com\/hu\/#organization"},"alternateName":"ICS","potentialAction":[{"@type":"SearchAction","target":{"@type":"EntryPoint","urlTemplate":"https:\/\/www.icscoolenergy.com\/hu\/?s={search_term_string}"},"query-input":{"@type":"PropertyValueSpecification","valueRequired":true,"valueName":"search_term_string"}}],"inLanguage":"hu"},{"@type":"Organization","@id":"https:\/\/www.icscoolenergy.com\/hu\/#organization","name":"ICS Cool Energy","url":"https:\/\/www.icscoolenergy.com\/hu\/","logo":{"@type":"ImageObject","inLanguage":"hu","@id":"https:\/\/www.icscoolenergy.com\/hu\/#\/schema\/logo\/image\/","url":"https:\/\/www.icscoolenergy.com\/wp-content\/uploads\/sites\/10\/2024\/01\/ics-cool-energy-logo.svg","contentUrl":"https:\/\/www.icscoolenergy.com\/wp-content\/uploads\/sites\/10\/2024\/01\/ics-cool-energy-logo.svg","caption":"ICS Cool Energy"},"image":{"@id":"https:\/\/www.icscoolenergy.com\/hu\/#\/schema\/logo\/image\/"},"sameAs":["https:\/\/www.linkedin.com\/company\/ics-temperature-control\/","https:\/\/www.youtube.com\/@ICSCoolEnergyLtd"],"description":"ICS Cool Energy is a market leader for process and critical temperature control solutions that keep all types and sizes of businesses and industry running. Our headquarters are situated in Southampton, with offices throughout the UK and Europe, employing over 250 people in the UK alone.","email":"info@icscoolenergy.com","telephone":"0800 840 4210","legalName":"ICS Cool Energy Limited","numberOfEmployees":{"@type":"QuantitativeValue","minValue":"201","maxValue":"500"}},{"@type":"Person","@id":"https:\/\/www.icscoolenergy.com\/hu\/#\/schema\/person\/b420c23731607d001042da9e9b0cac15","name":"ollieacton","image":{"@type":"ImageObject","inLanguage":"hu","@id":"https:\/\/www.icscoolenergy.com\/hu\/#\/schema\/person\/image\/","url":"https:\/\/secure.gravatar.com\/avatar\/356981a1b33381ec621324e24502866c89d1cc52f837eb462ee5da5e3fdbc14c?s=96&d=mm&r=g","contentUrl":"https:\/\/secure.gravatar.com\/avatar\/356981a1b33381ec621324e24502866c89d1cc52f837eb462ee5da5e3fdbc14c?s=96&d=mm&r=g","caption":"ollieacton"}}]}},"_links":{"self":[{"href":"https:\/\/www.icscoolenergy.com\/hu\/wp-json\/wp\/v2\/posts\/85943","targetHints":{"allow":["GET"]}}],"collection":[{"href":"https:\/\/www.icscoolenergy.com\/hu\/wp-json\/wp\/v2\/posts"}],"about":[{"href":"https:\/\/www.icscoolenergy.com\/hu\/wp-json\/wp\/v2\/types\/post"}],"author":[{"embeddable":true,"href":"https:\/\/www.icscoolenergy.com\/hu\/wp-json\/wp\/v2\/users\/15"}],"replies":[{"embeddable":true,"href":"https:\/\/www.icscoolenergy.com\/hu\/wp-json\/wp\/v2\/comments?post=85943"}],"version-history":[{"count":0,"href":"https:\/\/www.icscoolenergy.com\/hu\/wp-json\/wp\/v2\/posts\/85943\/revisions"}],"wp:attachment":[{"href":"https:\/\/www.icscoolenergy.com\/hu\/wp-json\/wp\/v2\/media?parent=85943"}],"wp:term":[{"taxonomy":"category","embeddable":true,"href":"https:\/\/www.icscoolenergy.com\/hu\/wp-json\/wp\/v2\/categories?post=85943"},{"taxonomy":"post_tag","embeddable":true,"href":"https:\/\/www.icscoolenergy.com\/hu\/wp-json\/wp\/v2\/tags?post=85943"}],"curies":[{"name":"wp","href":"https:\/\/api.w.org\/{rel}","templated":true}]}}