 
{"id":86250,"date":"2023-08-02T00:00:00","date_gmt":"2023-08-02T00:00:00","guid":{"rendered":"https:\/\/www.icscoolenergy.com\/hu\/blog\/kazan-veszhelyzeti-tervezes-futes-es-meleg-viz-megszakitas-nelkul\/"},"modified":"2024-11-30T11:26:45","modified_gmt":"2024-11-30T11:26:45","slug":"kazan-veszhelyzeti-tervezes-futes-es-meleg-viz-megszakitas-nelkul","status":"publish","type":"post","link":"https:\/\/www.icscoolenergy.com\/hu\/hirek\/kazan\/kazan-veszhelyzeti-tervezes-futes-es-meleg-viz-megszakitas-nelkul\/","title":{"rendered":"Kaz\u00e1n v\u00e9szhelyzeti tervez\u00e9s &#8211; f\u0171t\u00e9s \u00e9s meleg v\u00edz megszak\u00edt\u00e1s n\u00e9lk\u00fcl"},"content":{"rendered":"\n<p class=\" eplus-wrapper\"><strong>A kereskedelmi kaz\u00e1nt j\u00f3l karbantartotta, de az el\u0151re nem l\u00e1that\u00f3 megt\u00f6rt\u00e9nt &#8211; nem siker\u00fclt.  <\/strong><\/p>\n\n<p class=\" eplus-wrapper\">Fagyos hideg van, \u00e9s a szem\u00e9lyzet \u00e9s az \u00fcgyfelek a f\u0171t\u00e9s \u00e9s a meleg v\u00edz biztos\u00edt\u00e1s\u00e1ra t\u00e1maszkodnak.<\/p>\n\n<p class=\" eplus-wrapper\">Az els\u0151 h\u00edv\u00e1si pont val\u00f3sz\u00edn\u0171leg a megb\u00edzhat\u00f3 kereskedelmi kaz\u00e1nszerviz c\u00e9g, akik a helysz\u00ednre rohantak, hogy megvizsg\u00e1lj\u00e1k a meghib\u00e1sod\u00e1st, de a hiba jellege miatt nem tudj\u00e1k helyre\u00e1ll\u00edtani a kaz\u00e1nt.<\/p>\n\n<p class=\" eplus-wrapper\">Ha a probl\u00e9ma nem old\u00f3dik meg hamarosan, az jelent\u0151sen k\u00f6lts\u00e9ges lehet v\u00e1llalkoz\u00e1s\u00e1nak \u00e9s h\u00edrnev\u00e9nek.<\/p>\n\n<p class=\" eplus-wrapper\">A kaz\u00e1n v\u00e9szhelyzeti terv\u00e9nek megl\u00e9te id\u0151t \u00e9s sok stresszt takar\u00edt meg, mik\u00f6zben megv\u00e9di v\u00e1llalkoz\u00e1s\u00e1t a nem tervezett le\u00e1ll\u00e1sokt\u00f3l.<\/p>\n\n<p class=\" eplus-wrapper\">A telephely, a berendez\u00e9sek \u00e9s a k\u00f6vetelm\u00e9nyek el\u0151zetes felm\u00e9r\u00e9s\u00e9vel szem\u00e9lyre szabott v\u00e9szhelyzeti tervet hozhat l\u00e9tre, \u00edgy a kereskedelmi kaz\u00e1n meghib\u00e1sod\u00e1s\u00e1nak szerencs\u00e9tlen eset\u00e9n a h\u0151m\u00e9rs\u00e9klet-szab\u00e1lyoz\u00f3 partner gyorsan reag\u00e1lhat a kontingens berendez\u00e9sek sz\u00e1ll\u00edt\u00e1s\u00e1ra, telep\u00edt\u00e9s\u00e9re, \u00fczembe helyez\u00e9s\u00e9re \u00e9s tesztel\u00e9s\u00e9re &#8211; a f\u0171t\u00e9s \u00e9s a meleg v\u00edz gyors bekapcsol\u00e1sa.<\/p>\n\n<h2 class=\" wp-block-heading eplus-wrapper\" id=\"h-boiler-hire-contingency-plan-considerations\"><strong>A kaz\u00e1nb\u00e9rl\u00e9ssel kapcsolatos v\u00e9szhelyzeti tervvel kapcsolatos szempontok<\/strong><\/h2>\n\n<h3 class=\" wp-block-heading eplus-wrapper\" id=\"h-capacity\"><strong>Kapacit\u00e1s  <\/strong><\/h3>\n\n<p class=\" eplus-wrapper\">Meghib\u00e1sod\u00e1s eset\u00e9n sz\u00fcks\u00e9ge van a telep\u00edtett f\u0171t\u0151m\u0171 teljes kapacit\u00e1s\u00e1ra, vagy kevesebbel tud megbirk\u00f3zni.<\/p>\n\n<p class=\" eplus-wrapper\">Az \u00e9p\u00fclet ir\u00e1nti kereslet t\u00e9len nagyon elt\u00e9r\u0151 lesz a ny\u00e1r k\u00f6zep\u00e9t\u0151l, akkor mi\u00e9rt pazarolja a p\u00e9nzt t\u00f6bbet b\u00e9relni, mint amennyire sz\u00fcks\u00e9ge van?<\/p>\n\n<p class=\" eplus-wrapper\">Az is el\u0151fordulhat, hogy csak kritikus f\u0171t\u00e9sre van sz\u00fcks\u00e9g, biztos\u00edtva, hogy v\u00e9szhelyzet eset\u00e9n a legfontosabb vagy legs\u00e9r\u00fcl\u00e9kenyebb ter\u00fcletek f\u0171t\u00e9ssel rendelkezzenek.<\/p>\n\n<figure class=\" wp-block-image eplus-wrapper\"><img decoding=\"async\" src=\"https:\/\/www.icscoolenergy.com\/hu\/wp-content\/uploads\/sites\/10\/2024\/01\/Boiler-Contingency-Plan-The-Location-1.jpg\" alt=\"\" class=\"wp-image-64406\"\/><\/figure>\n\n<h3 class=\" wp-block-heading eplus-wrapper\" id=\"h-location\"><strong>Hely  <\/strong><\/h3>\n\n<p class=\" eplus-wrapper\">L\u00e9tfontoss\u00e1g\u00fa, hogy minden <a href=\"\/?product_cat=boiler-hire\" class=\"ek-link\">ideiglenes kaz\u00e1nberendez\u00e9s<\/a> helyesen legyen elhelyezve, hogy sz\u00e1mos t\u00e9nyez\u0151t figyelembe vegyen.<\/p>\n\n<p class=\" eplus-wrapper\">A legfontosabb annak biztos\u00edt\u00e1sa, hogy az \u00e9g\u00e9sterm\u00e9kek (POC) biztons\u00e1gosan sz\u00e9tsz\u00f3r\u00f3djanak, \u00e9s ne okozzanak k\u00e1rt a k\u00f6zeli \u00e9p\u00fcletek lak\u00f3inak.<\/p>\n\n<p class=\" eplus-wrapper\">A kaz\u00e1nt biztons\u00e1gos t\u00e1vols\u00e1gra kell elhelyezni minden olyan \u00e9p\u00fclett\u0151l, amelynek ny\u00edl\u00e1sai, p\u00e9ld\u00e1ul ajt\u00f3k, ablakok \u00e9s szell\u0151z\u0151ny\u00edl\u00e1sok lehet\u0151v\u00e9 teszik a f\u00fcst bejut\u00e1s\u00e1t az \u00e9p\u00fcletbe. Ez a t\u00e1vols\u00e1g a kaz\u00e1n f\u0171t\u00e9si teljes\u00edtm\u00e9ny\u00e9vel n\u0151. <\/p>\n\n<p class=\" eplus-wrapper\">Sz\u00fcks\u00e9g lehet a kaz\u00e1n f\u00fcstg\u00e1z\u00e1nak meghosszabb\u00edt\u00e1s\u00e1ra a POC biztons\u00e1gos eloszl\u00e1s\u00e1nak biztos\u00edt\u00e1sa \u00e9rdek\u00e9ben.<\/p>\n\n<h3 class=\" wp-block-heading eplus-wrapper\" id=\"h-vehicle-access\"><strong>J\u00e1rm\u0171re val\u00f3 bejut\u00e1s  <\/strong><\/h3>\n\n<p class=\" eplus-wrapper\">A helysz\u00ednnek biztons\u00e1gosnak kell lennie a sz\u00e1ll\u00edt\u00f3- \u00e9s begy\u0171jt\u0151j\u00e1rm\u0171vek sz\u00e1m\u00e1ra is, minim\u00e1lis zavarral. A sz\u00e1ll\u00edt\u00f3 j\u00e1rm\u0171 (ek) nagyon nagyok lehetnek, ez\u00e9rt el\u0151fordulhat, hogy \u00e1t kell vizsg\u00e1lnia a telephely\u00e9hez vezet\u0151 \u00fatvonalat, hogy elker\u00fclje a sz\u0171k utc\u00e1kat \u00e9s az alacsony hidakat. <\/p>\n\n<h3 class=\" wp-block-heading eplus-wrapper\" id=\"h-fuel\"><strong>T\u00fczel\u0151anyag  <\/strong><\/h3>\n\n<p class=\" eplus-wrapper\">A legt\u00f6bb b\u00e9relhet\u0151 kaz\u00e1n d\u00edzel vagy f\u00f6ldg\u00e1zzal m\u0171k\u00f6dik. A f\u00f6ldg\u00e1z jelenleg olcs\u00f3bb \u00e9s tiszt\u00e1bb, azonban v\u00e9szhelyzetben a d\u00edzel gyakran gyorsabban telep\u00edthet\u0151. Lehet, hogy a gyorsas\u00e1g \u00e9rdek\u00e9ben d\u00edzelegys\u00e9get lehet telep\u00edteni, majd k\u00e9s\u0151bb az \u00fczemanyagot g\u00e1zra cser\u00e9lni a gazdas\u00e1goss\u00e1g \u00e9rdek\u00e9ben.  <\/p>\n\n<p class=\" eplus-wrapper\">D\u00edzel haszn\u00e1lata eset\u00e9n figyelembe kell venni az \u00fczemanyagot sz\u00e1ll\u00edt\u00f3 tart\u00e1lyhaj\u00f3 hozz\u00e1f\u00e9r\u00e9s\u00e9t, valamint biztos\u00edtani kell, hogy az \u00fczemanyagtart\u00e1ly elhelyez\u00e9sekor betarts\u00e1k a helyi t\u0171zv\u00e9delmi el\u0151\u00edr\u00e1sokat. Emellett a r\u00f6vid t\u00e1v\u00fa megold\u00e1sok gyakran a v\u00e1rtn\u00e1l hosszabb ideig vannak a helysz\u00ednen, \u00edgy az \u00fczemanyag-hat\u00e9konys\u00e1g nagyon fontoss\u00e1 v\u00e1lhat, ez\u00e9rt fontos, hogy olyan kaz\u00e1nk\u00f6lcs\u00f6nz\u0151 c\u00e9get v\u00e1lasszon, amely rendelkezik energiahat\u00e9kony berendez\u00e9sekkel. <\/p>\n\n<h3 class=\" wp-block-heading eplus-wrapper\" id=\"h-mechanical-connections\"><strong>Mechanikai csatlakoz\u00e1sok  <\/strong><\/h3>\n\n<p class=\" eplus-wrapper\">Mi a legjobb hely az \u00e9p\u00fcletek melegv\u00edz-rendszer\u00e9be val\u00f3 bet\u00f6r\u00e9shez? Haszn\u00e1lhat\u00f3k-e a megl\u00e9v\u0151 b\u0151v\u00edt\u00e9si, nyom\u00e1sn\u00f6vel\u00e9si, felt\u00f6lt\u00e9si, h\u0151cser\u00e9l\u0151k \u00e9s egy\u00e9b kieg\u00e9sz\u00edt\u0151 berendez\u00e9sek, vagy ezekre sz\u00fcks\u00e9g van a b\u00e9rleti csomag r\u00e9szek\u00e9nt? <\/p>\n\n<p class=\" eplus-wrapper\">Van-e term\u00e9szetes hozz\u00e1f\u00e9r\u00e9si pont a rendszerhez, vagy sz\u00fcks\u00e9g van m\u00f3dos\u00edt\u00e1sokra az interf\u00e9sz enged\u00e9lyez\u00e9s\u00e9hez?<\/p>\n\n<h3 class=\" wp-block-heading eplus-wrapper\" id=\"h-electrical-connection\"><strong>Elektromos csatlakoz\u00e1s  <\/strong><\/h3>\n\n<p class=\" eplus-wrapper\">Van-e megfelel\u0151 t\u00e1pegys\u00e9g a sz\u00fcks\u00e9ges b\u00e9relhet\u0151 berendez\u00e9sekhez?<\/p>\n\n<p class=\" eplus-wrapper\">Ne feledje, hogy a megl\u00e9v\u0151 f\u0171t\u0151m\u0171 m\u00e1r rendelkezik \u00e1ramell\u00e1t\u00e1ssal, de el\u0151fordulhat, hogy ezt egyidej\u0171leg kell haszn\u00e1lni a jav\u00edt\u00e1sokhoz \u00e9s a tesztfut\u00e1shoz, am\u00edg a b\u00e9relt berendez\u00e9s haszn\u00e1latban van. Ezenk\u00edv\u00fcl a k\u00f6lcs\u00f6nz\u0151 \u00fczemnek m\u00e1s \u00e1ramell\u00e1t\u00e1sra lehet sz\u00fcks\u00e9ge, mint a telep\u00edtett berendez\u00e9sek. <\/p>\n\n<h3 class=\" wp-block-heading eplus-wrapper\" id=\"h-safety\"><strong>Biztons\u00e1g  <\/strong><\/h3>\n\n<p class=\" eplus-wrapper\">A POC, a probl\u00e9ma \u00e9s az \u00fczemanyagtart\u00e1ly elhelyez\u00e9se mellett sz\u00e1mos tov\u00e1bbi biztons\u00e1gi szempontot is fel\u00fcl kell vizsg\u00e1lni a v\u00e9szhelyzeti terv elk\u00e9sz\u00edt\u00e9sekor. P\u00e9ld\u00e1ul van-e biztons\u00e1gos \u00fatvonal az \u00fczem lerak\u00e1si ter\u00fclet\u00e9t\u0151l a rendszerinterf\u00e9szig, amely elker\u00fcli a sz\u00fcks\u00e9gtelen botl\u00e1svesz\u00e9lyeket? <\/p>\n\n<p class=\" eplus-wrapper\">Tov\u00e1bb\u00e1, ha nyitva hagyja az \u00fczemhelyis\u00e9g ajtaj\u00e1t, hogy a t\u00f6ml\u0151k bel\u00e9phessenek, lehet\u0151v\u00e9 teheti illet\u00e9ktelen szem\u00e9lyek bejut\u00e1s\u00e1t.<\/p>\n\n<h3 class=\" wp-block-heading eplus-wrapper\" id=\"h-enabling-works\"><strong>Enged\u00e9lyez\u0151 m\u0171vek  <\/strong><\/h3>\n\n<p class=\" eplus-wrapper\">Sz\u00fcks\u00e9g lehet enged\u00e9lyez\u0151 munk\u00e1latok elv\u00e9gz\u00e9s\u00e9re a b\u00e9relt kaz\u00e1n gyors, biztons\u00e1gos \u00e9s biztons\u00e1gos csatlakoztat\u00e1s\u00e1nak biztos\u00edt\u00e1sa \u00e9rdek\u00e9ben. Az enged\u00e9lyez\u0151 munk\u00e1k elv\u00e9gz\u00e9se sok id\u0151t \u00e9s stresszt takar\u00edthat meg a berendez\u00e9s meghib\u00e1sod\u00e1sa eset\u00e9n. <\/p>\n\n<p class=\" eplus-wrapper\">Az olyan egyszer\u0171 int\u00e9zked\u00e9sek, mint az elektromos lev\u00e1laszt\u00f3 felszerel\u00e9se \u00e9s a kem\u00e9ny cs\u0151vezet\u00e9kek bevezet\u00e9se az \u00fczem ter\u00fclet\u00e9re, vagy biztons\u00e1gos \u00fatvonal kialak\u00edt\u00e1sa a t\u00f6ml\u0151k sz\u00e1m\u00e1ra a c\u00e9lra \u00e9p\u00edtett ny\u00edl\u00e1sok felszerel\u00e9s\u00e9vel, n\u00f6velhetik a biztons\u00e1got \u00e9s cs\u00f6kkenthetik a szerel\u00e9si id\u0151t.<\/p>\n\n<figure class=\" wp-block-image eplus-wrapper\"><img decoding=\"async\" src=\"https:\/\/www.icscoolenergy.com\/hu\/wp-content\/uploads\/sites\/10\/2024\/01\/Boiler-Hire-Contingency-Planning-ICS-1.jpg\" alt=\"\" class=\"wp-image-64411\"\/><\/figure>\n\n<h3 class=\" wp-block-heading eplus-wrapper\" id=\"h-administration\"><strong>Igazgat\u00e1s  <\/strong><\/h3>\n\n<p class=\" eplus-wrapper\">V\u00e1lasszon olyan besz\u00e1ll\u00edt\u00f3t, akivel egy\u00fctt dolgozhat, \u00e9s rendelkezzen megfelel\u0151 tapasztalattal, \u00e9s nyisson sz\u00e1ml\u00e1t n\u00e1luk el\u0151re, \u00edgy ha sz\u00fcks\u00e9ge van r\u00e1juk, nem lesz &#8222;b\u00fcrokr\u00e1cia&#8221; a cs\u00f6kkent\u00e9shez. Alaposan dokument\u00e1lja terv\u00e9t, \u00e9s gy\u0151z\u0151dj\u00f6n meg arr\u00f3l, hogy mindenki meg\u00e9rti felel\u0151ss\u00e9g\u00e9t katasztrof\u00e1lis kaz\u00e1nhiba eset\u00e9n. <\/p>\n\n<p class=\" eplus-wrapper\">A tervnek egy\u00e9rtelm\u0171 utas\u00edt\u00e1sokat kell tartalmaznia a berendez\u00e9sek hely\u00e9re, a t\u00f6ml\u0151k \u00e9s k\u00e1belek vezet\u00e9s\u00e9re szolg\u00e1l\u00f3 \u00fatvonalakra, valamint a sz\u00e1ll\u00edt\u00f3j\u00e1rm\u0171vek hozz\u00e1f\u00e9r\u00e9si k\u00f6vetelm\u00e9nyeire vonatkoz\u00f3an, bele\u00e9rtve a neh\u00e9z teherg\u00e9pj\u00e1rm\u0171vek biztons\u00e1gos hozz\u00e1f\u00e9r\u00e9s\u00e9t is. Ne feledje, hogy &#8222;egy k\u00e9p t\u00f6bbet mond ezer sz\u00f3n\u00e1l&#8221;, \u00edgy a rajzok \u00e9s f\u00e9nyk\u00e9pek lehetnek a legjobb m\u00f3dja a fontos inform\u00e1ci\u00f3k k\u00f6zl\u00e9s\u00e9nek. <\/p>\n\n<h3 class=\" wp-block-heading eplus-wrapper\" id=\"h-regular-review\"><strong>Rendszeres fel\u00fclvizsg\u00e1lat  <\/strong><\/h3>\n\n<p class=\" eplus-wrapper\">A dolgok megv\u00e1ltoznak a val\u00f3 vil\u00e1gban, a b\u0151v\u00edtm\u00e9nyek \u00e9p\u00fclnek, a r\u00e9gi falakat lebontj\u00e1k, az \u00faj falakat \u00e9p\u00edtik, ami egykor j\u00f3 hely volt a b\u00e9relhet\u0151 berendez\u00e9sek sz\u00e1m\u00e1ra, alkalmatlann\u00e1 v\u00e1lhat, ez\u00e9rt rendszeresen ellen\u0151rizze b\u00e9rleti partner\u00e9vel, hogy terve naprak\u00e9sz \u00e9s hat\u00e9kony legyen.<\/p>\n\n<h3 class=\" wp-block-heading eplus-wrapper\" id=\"h-packaged-boiler-plant-hire-the-ideal-back-up-solution\"><strong>Csomagolt kaz\u00e1ntelep b\u00e9rl\u00e9s \u2013 az ide\u00e1lis tartal\u00e9k megold\u00e1s  <\/strong><\/h3>\n\n<p class=\" eplus-wrapper\">Az ICS Cool Energy 19 kW-t\u00f3l 2 MW-ig terjed\u0151 kereskedelmi kaz\u00e1nokkal rendelkezik, amelyek &#8222;k\u00e9szen \u00e1llnak a b\u00e9rl\u00e9sre&#8221;, valamint dedik\u00e1lt berendez\u00e9sekkel, amelyek a k\u00e9szenl\u00e9ti tervek teljes\u00edt\u00e9s\u00e9re vannak elk\u00fcl\u00f6n\u00edtve.<\/p>\n\n<p class=\" eplus-wrapper\">A telephely \u00e9s a berendez\u00e9sek felm\u00e9r\u00e9s\u00e9t\u0151l kezdve az \u00d6n ig\u00e9nyeinek \u00e1tfog\u00f3 megismer\u00e9s\u00e9ig pontosan meg tudjuk hat\u00e1rozni, hogyan tudjuk visszakapcsolni f\u0171t\u00e9s\u00e9t \u00e9s meleg viz\u00e9t leny\u0171g\u00f6z\u0151 b\u00e9relhet\u0151 kaz\u00e1nflott\u00e1nk seg\u00edts\u00e9g\u00e9vel.<\/p>\n\n<p class=\" eplus-wrapper\">Egy\u00fcttm\u0171k\u00f6d\u00fcnk \u00d6nnel, hogy meg\u00e9rts\u00fck:<\/p>\n<ul class=\"eplus-wrapper wp-block-list eplus-styles-uid-140d3c\">\n<li class=\" eplus-wrapper\">Az \u00d6n kapacit\u00e1si k\u00f6vetelm\u00e9nyei<\/li>\n\n\n\n<li class=\" eplus-wrapper\">A berendez\u00e9s helye<\/li>\n\n\n\n<li class=\" eplus-wrapper\">Milyen k\u00f6nnyen f\u00e9rhet hozz\u00e1 egy j\u00e1rm\u0171 a webhely\u00e9hez<\/li>\n\n\n\n<li class=\" eplus-wrapper\">Az \u00d6n \u00fczemanyagig\u00e9nye (ak\u00e1r g\u00e1z, ak\u00e1r d\u00edzel)<\/li>\n\n\n\n<li class=\" eplus-wrapper\">Milyen mechanikai \u00e9s elektromos csatlakoz\u00e1sok vannak a hely\u00fck\u00f6n<\/li>\n\n\n\n<li class=\" eplus-wrapper\">Biztons\u00e1gi megfontol\u00e1sok, valamint minden olyan enged\u00e9lyez\u0151 munka, amelyre sz\u00fcks\u00e9g lesz ahhoz, hogy id\u0151t takar\u00edtson meg<\/li>\n<\/ul>\n<p class=\" eplus-wrapper\">Megb\u00edzhat\u00f3 \u00e9s rendk\u00edv\u00fcl hat\u00e9kony csomagolt kereskedelmi kaz\u00e1njaink ipari v\u00e1laszt\u00e9k\u00e1t ac\u00e9ltart\u00e1lyokban helyezz\u00fck el, hogy id\u0151j\u00e1r\u00e1s\u00e1ll\u00f3 v\u00e9delmet ny\u00fajtsanak &#8211; lehet\u0151v\u00e9 t\u00e9ve a k\u00fcls\u0151 pozicion\u00e1l\u00e1st \u00e9s a k\u00f6rnyezeti elemekkel szembeni fokozott v\u00e9delmet.<\/p>\n\n<p class=\" eplus-wrapper\">A kont\u00e9ner kialak\u00edt\u00e1sa lehet\u0151v\u00e9 teszi a k\u00f6nny\u0171 pozicion\u00e1l\u00e1st \u00e9s a gyors b\u00e9rl\u00e9st is, er\u0151s targoncalyukakkal, nagy leng\u0151ajt\u00f3val az egys\u00e9g k\u00f6nny\u0171 el\u00e9r\u00e9s\u00e9hez \u00e9s ISO sarkokkal az emel\u00e9shez. Ahol csak lehets\u00e9ges, <a href=\"https:\/\/www.viessmann.co.uk\/professionals\/commercial-industrial\" class=\"ek-link\">Viessmann<\/a> kaz\u00e1nokat gy\u00e1rtunk, \u00e9s <a href=\"https:\/\/www.weishaupt.co.uk\/\" class=\"ek-link\">hat\u00e9konys\u00e1guk \u00e9rdek\u00e9ben Weishaupt<\/a> \u00e9g\u0151ket haszn\u00e1lunk. <\/p>\n\n<p class=\" eplus-wrapper\">T\u00e1mogatjuk \u00d6nt kaz\u00e1n v\u00e9szhelyzeti tervvel \u00e9s berendez\u00e9sekkel, amelyek biztos\u00edtj\u00e1k, hogy a f\u0171t\u00e9s \u00e9s a meleg v\u00edz ne vesz\u00e9lyeztesse m\u0171k\u00f6d\u00e9s\u00e9t.<\/p>\n\n<p class=\" eplus-wrapper\">Tudjon meg t\u00f6bbet az <a href=\"\/?product_cat=boiler-hire\" class=\"ek-link\">ideiglenes kaz\u00e1nb\u00e9rl\u00e9sr\u0151l<\/a>.<\/p>\n","protected":false},"excerpt":{"rendered":"<p>A kereskedelmi kaz\u00e1nt j\u00f3l karbantartotta, de az el\u0151re nem l\u00e1that\u00f3 megt\u00f6rt\u00e9nt &#8211; nem siker\u00fclt. Fagyos hideg van, \u00e9s a szem\u00e9lyzet \u00e9s az \u00fcgyfelek a f\u0171t\u00e9s \u00e9s a meleg v\u00edz biztos\u00edt\u00e1s\u00e1ra t\u00e1maszkodnak. Az els\u0151 h\u00edv\u00e1si pont val\u00f3sz\u00edn\u0171leg a megb\u00edzhat\u00f3 kereskedelmi kaz\u00e1nszerviz c\u00e9g, akik a helysz\u00ednre rohantak, hogy megvizsg\u00e1lj\u00e1k a meghib\u00e1sod\u00e1st, de a hiba jellege miatt nem &#8230; <a title=\"Kaz\u00e1n v\u00e9szhelyzeti tervez\u00e9s &#8211; f\u0171t\u00e9s \u00e9s meleg v\u00edz megszak\u00edt\u00e1s n\u00e9lk\u00fcl\" class=\"read-more\" href=\"https:\/\/www.icscoolenergy.com\/hu\/hirek\/kazan\/kazan-veszhelyzeti-tervezes-futes-es-meleg-viz-megszakitas-nelkul\/\" aria-label=\"More on Kaz\u00e1n v\u00e9szhelyzeti tervez\u00e9s &#8211; f\u0171t\u00e9s \u00e9s meleg v\u00edz megszak\u00edt\u00e1s n\u00e9lk\u00fcl\">Read more<\/a><\/p>\n","protected":false},"author":8,"featured_media":86253,"comment_status":"closed","ping_status":"open","sticky":false,"template":"","format":"standard","meta":{"_acf_changed":false,"inline_featured_image":false,"_editorskit_title_hidden":false,"_editorskit_reading_time":0,"_editorskit_is_block_options_detached":false,"_editorskit_block_options_position":"{}","editor_plus_copied_stylings":"{}","footnotes":""},"categories":[2010,2039],"tags":[2041,2042,2040,2034],"class_list":["post-86250","post","type-post","status-publish","format-standard","has-post-thumbnail","hentry","category-kazan","category-keszenleti-tervezes","tag-kazan","tag-kazan-berlese","tag-kazanok","tag-keszenleti-tervezes"],"acf":[],"yoast_head":"<!-- This site is optimized with the Yoast SEO Premium plugin v24.5 (Yoast SEO v26.9) - https:\/\/yoast.com\/product\/yoast-seo-premium-wordpress\/ -->\n<title>Kaz\u00e1n v\u00e9szhelyzeti tervez\u00e9s - f\u0171t\u00e9s \u00e9s meleg v\u00edz megszak\u00edt\u00e1s n\u00e9lk\u00fcl | Hungary<\/title>\n<meta name=\"robots\" content=\"index, follow, max-snippet:-1, max-image-preview:large, max-video-preview:-1\" \/>\n<link rel=\"canonical\" href=\"https:\/\/www.icscoolenergy.com\/hu\/hirek\/kazan\/kazan-veszhelyzeti-tervezes-futes-es-meleg-viz-megszakitas-nelkul\/\" \/>\n<meta property=\"og:locale\" content=\"hu_HU\" \/>\n<meta property=\"og:type\" content=\"article\" \/>\n<meta property=\"og:title\" content=\"Kaz\u00e1n v\u00e9szhelyzeti tervez\u00e9s - f\u0171t\u00e9s \u00e9s meleg v\u00edz megszak\u00edt\u00e1s n\u00e9lk\u00fcl\" \/>\n<meta property=\"og:description\" content=\"A kereskedelmi kaz\u00e1nt j\u00f3l karbantartotta, de az el\u0151re nem l\u00e1that\u00f3 megt\u00f6rt\u00e9nt &#8211; nem siker\u00fclt. Fagyos hideg van, \u00e9s a szem\u00e9lyzet \u00e9s az \u00fcgyfelek a f\u0171t\u00e9s \u00e9s a meleg v\u00edz biztos\u00edt\u00e1s\u00e1ra t\u00e1maszkodnak. Az els\u0151 h\u00edv\u00e1si pont val\u00f3sz\u00edn\u0171leg a megb\u00edzhat\u00f3 kereskedelmi kaz\u00e1nszerviz c\u00e9g, akik a helysz\u00ednre rohantak, hogy megvizsg\u00e1lj\u00e1k a meghib\u00e1sod\u00e1st, de a hiba jellege miatt nem ... Read more\" \/>\n<meta property=\"og:url\" content=\"https:\/\/www.icscoolenergy.com\/hu\/hirek\/kazan\/kazan-veszhelyzeti-tervezes-futes-es-meleg-viz-megszakitas-nelkul\/\" \/>\n<meta property=\"og:site_name\" content=\"Hungary\" \/>\n<meta property=\"article:published_time\" content=\"2023-08-02T00:00:00+00:00\" \/>\n<meta property=\"article:modified_time\" content=\"2024-11-30T11:26:45+00:00\" \/>\n<meta property=\"og:image\" content=\"https:\/\/www.icscoolenergy.com\/wp-content\/uploads\/sites\/10\/2024\/01\/Commercial-Boiler.jpg\" \/>\n\t<meta property=\"og:image:width\" content=\"2173\" \/>\n\t<meta property=\"og:image:height\" content=\"764\" \/>\n\t<meta property=\"og:image:type\" content=\"image\/jpeg\" \/>\n<meta name=\"author\" content=\"Suzanne Pinchin\" \/>\n<meta name=\"twitter:card\" content=\"summary_large_image\" \/>\n<meta name=\"twitter:label1\" content=\"Written by\" \/>\n\t<meta name=\"twitter:data1\" content=\"Suzanne Pinchin\" \/>\n\t<meta name=\"twitter:label2\" content=\"Est. reading time\" \/>\n\t<meta name=\"twitter:data2\" content=\"8 perc\" \/>\n<script type=\"application\/ld+json\" class=\"yoast-schema-graph\">{\"@context\":\"https:\/\/schema.org\",\"@graph\":[{\"@type\":\"Article\",\"@id\":\"https:\/\/www.icscoolenergy.com\/hu\/hirek\/kazan\/kazan-veszhelyzeti-tervezes-futes-es-meleg-viz-megszakitas-nelkul\/#article\",\"isPartOf\":{\"@id\":\"https:\/\/www.icscoolenergy.com\/hu\/hirek\/kazan\/kazan-veszhelyzeti-tervezes-futes-es-meleg-viz-megszakitas-nelkul\/\"},\"author\":{\"name\":\"Suzanne Pinchin\",\"@id\":\"https:\/\/www.icscoolenergy.com\/hu\/#\/schema\/person\/8cd677e70e7868a144b9f07f03e5ae2a\"},\"headline\":\"Kaz\u00e1n v\u00e9szhelyzeti tervez\u00e9s &#8211; f\u0171t\u00e9s \u00e9s meleg v\u00edz megszak\u00edt\u00e1s n\u00e9lk\u00fcl\",\"datePublished\":\"2023-08-02T00:00:00+00:00\",\"dateModified\":\"2024-11-30T11:26:45+00:00\",\"mainEntityOfPage\":{\"@id\":\"https:\/\/www.icscoolenergy.com\/hu\/hirek\/kazan\/kazan-veszhelyzeti-tervezes-futes-es-meleg-viz-megszakitas-nelkul\/\"},\"wordCount\":1665,\"publisher\":{\"@id\":\"https:\/\/www.icscoolenergy.com\/hu\/#organization\"},\"image\":{\"@id\":\"https:\/\/www.icscoolenergy.com\/hu\/hirek\/kazan\/kazan-veszhelyzeti-tervezes-futes-es-meleg-viz-megszakitas-nelkul\/#primaryimage\"},\"thumbnailUrl\":\"https:\/\/www.icscoolenergy.com\/wp-content\/uploads\/sites\/10\/2024\/01\/Commercial-Boiler.jpg\",\"keywords\":[\"kaz\u00e1n\",\"kaz\u00e1n b\u00e9rl\u00e9se\",\"Kaz\u00e1nok\",\"K\u00e9szenl\u00e9ti tervez\u00e9s\"],\"articleSection\":[\"Kaz\u00e1n\",\"K\u00e9szenl\u00e9ti tervez\u00e9s\"],\"inLanguage\":\"hu\"},{\"@type\":\"WebPage\",\"@id\":\"https:\/\/www.icscoolenergy.com\/hu\/hirek\/kazan\/kazan-veszhelyzeti-tervezes-futes-es-meleg-viz-megszakitas-nelkul\/\",\"url\":\"https:\/\/www.icscoolenergy.com\/hu\/hirek\/kazan\/kazan-veszhelyzeti-tervezes-futes-es-meleg-viz-megszakitas-nelkul\/\",\"name\":\"Kaz\u00e1n v\u00e9szhelyzeti tervez\u00e9s - f\u0171t\u00e9s \u00e9s meleg v\u00edz megszak\u00edt\u00e1s n\u00e9lk\u00fcl | Hungary\",\"isPartOf\":{\"@id\":\"https:\/\/www.icscoolenergy.com\/hu\/#website\"},\"primaryImageOfPage\":{\"@id\":\"https:\/\/www.icscoolenergy.com\/hu\/hirek\/kazan\/kazan-veszhelyzeti-tervezes-futes-es-meleg-viz-megszakitas-nelkul\/#primaryimage\"},\"image\":{\"@id\":\"https:\/\/www.icscoolenergy.com\/hu\/hirek\/kazan\/kazan-veszhelyzeti-tervezes-futes-es-meleg-viz-megszakitas-nelkul\/#primaryimage\"},\"thumbnailUrl\":\"https:\/\/www.icscoolenergy.com\/wp-content\/uploads\/sites\/10\/2024\/01\/Commercial-Boiler.jpg\",\"datePublished\":\"2023-08-02T00:00:00+00:00\",\"dateModified\":\"2024-11-30T11:26:45+00:00\",\"breadcrumb\":{\"@id\":\"https:\/\/www.icscoolenergy.com\/hu\/hirek\/kazan\/kazan-veszhelyzeti-tervezes-futes-es-meleg-viz-megszakitas-nelkul\/#breadcrumb\"},\"inLanguage\":\"hu\",\"potentialAction\":[{\"@type\":\"ReadAction\",\"target\":[\"https:\/\/www.icscoolenergy.com\/hu\/hirek\/kazan\/kazan-veszhelyzeti-tervezes-futes-es-meleg-viz-megszakitas-nelkul\/\"]}]},{\"@type\":\"ImageObject\",\"inLanguage\":\"hu\",\"@id\":\"https:\/\/www.icscoolenergy.com\/hu\/hirek\/kazan\/kazan-veszhelyzeti-tervezes-futes-es-meleg-viz-megszakitas-nelkul\/#primaryimage\",\"url\":\"https:\/\/www.icscoolenergy.com\/wp-content\/uploads\/sites\/10\/2024\/01\/Commercial-Boiler.jpg\",\"contentUrl\":\"https:\/\/www.icscoolenergy.com\/wp-content\/uploads\/sites\/10\/2024\/01\/Commercial-Boiler.jpg\",\"width\":2173,\"height\":764},{\"@type\":\"BreadcrumbList\",\"@id\":\"https:\/\/www.icscoolenergy.com\/hu\/hirek\/kazan\/kazan-veszhelyzeti-tervezes-futes-es-meleg-viz-megszakitas-nelkul\/#breadcrumb\",\"itemListElement\":[{\"@type\":\"ListItem\",\"position\":1,\"name\":\"Home\",\"item\":\"https:\/\/www.icscoolenergy.com\/hu\/\"},{\"@type\":\"ListItem\",\"position\":2,\"name\":\"Kaz\u00e1n v\u00e9szhelyzeti tervez\u00e9s &#8211; f\u0171t\u00e9s \u00e9s meleg v\u00edz megszak\u00edt\u00e1s n\u00e9lk\u00fcl\"}]},{\"@type\":\"WebSite\",\"@id\":\"https:\/\/www.icscoolenergy.com\/hu\/#website\",\"url\":\"https:\/\/www.icscoolenergy.com\/hu\/\",\"name\":\"ICS Cool Energy\",\"description\":\"The Process Temperature Control Specialists\",\"publisher\":{\"@id\":\"https:\/\/www.icscoolenergy.com\/hu\/#organization\"},\"alternateName\":\"ICS\",\"potentialAction\":[{\"@type\":\"SearchAction\",\"target\":{\"@type\":\"EntryPoint\",\"urlTemplate\":\"https:\/\/www.icscoolenergy.com\/hu\/?s={search_term_string}\"},\"query-input\":{\"@type\":\"PropertyValueSpecification\",\"valueRequired\":true,\"valueName\":\"search_term_string\"}}],\"inLanguage\":\"hu\"},{\"@type\":\"Organization\",\"@id\":\"https:\/\/www.icscoolenergy.com\/hu\/#organization\",\"name\":\"ICS Cool Energy\",\"url\":\"https:\/\/www.icscoolenergy.com\/hu\/\",\"logo\":{\"@type\":\"ImageObject\",\"inLanguage\":\"hu\",\"@id\":\"https:\/\/www.icscoolenergy.com\/hu\/#\/schema\/logo\/image\/\",\"url\":\"https:\/\/www.icscoolenergy.com\/wp-content\/uploads\/sites\/10\/2024\/01\/ics-cool-energy-logo.svg\",\"contentUrl\":\"https:\/\/www.icscoolenergy.com\/wp-content\/uploads\/sites\/10\/2024\/01\/ics-cool-energy-logo.svg\",\"caption\":\"ICS Cool Energy\"},\"image\":{\"@id\":\"https:\/\/www.icscoolenergy.com\/hu\/#\/schema\/logo\/image\/\"},\"sameAs\":[\"https:\/\/www.linkedin.com\/company\/ics-temperature-control\/\",\"https:\/\/www.youtube.com\/@ICSCoolEnergyLtd\"],\"description\":\"ICS Cool Energy is a market leader for process and critical temperature control solutions that keep all types and sizes of businesses and industry running. Our headquarters are situated in Southampton, with offices throughout the UK and Europe, employing over 250 people in the UK alone.\",\"email\":\"info@icscoolenergy.com\",\"telephone\":\"0800 840 4210\",\"legalName\":\"ICS Cool Energy Limited\",\"numberOfEmployees\":{\"@type\":\"QuantitativeValue\",\"minValue\":\"201\",\"maxValue\":\"500\"}},{\"@type\":\"Person\",\"@id\":\"https:\/\/www.icscoolenergy.com\/hu\/#\/schema\/person\/8cd677e70e7868a144b9f07f03e5ae2a\",\"name\":\"Suzanne Pinchin\",\"image\":{\"@type\":\"ImageObject\",\"inLanguage\":\"hu\",\"@id\":\"https:\/\/www.icscoolenergy.com\/hu\/#\/schema\/person\/image\/\",\"url\":\"https:\/\/secure.gravatar.com\/avatar\/4a62539f6a2a96c520ebf347882575b570e326ce2f92bae2a0fdbdded41f3679?s=96&d=mm&r=g\",\"contentUrl\":\"https:\/\/secure.gravatar.com\/avatar\/4a62539f6a2a96c520ebf347882575b570e326ce2f92bae2a0fdbdded41f3679?s=96&d=mm&r=g\",\"caption\":\"Suzanne Pinchin\"}}]}<\/script>\n<!-- \/ Yoast SEO Premium plugin. -->","yoast_head_json":{"title":"Kaz\u00e1n v\u00e9szhelyzeti tervez\u00e9s - f\u0171t\u00e9s \u00e9s meleg v\u00edz megszak\u00edt\u00e1s n\u00e9lk\u00fcl | Hungary","robots":{"index":"index","follow":"follow","max-snippet":"max-snippet:-1","max-image-preview":"max-image-preview:large","max-video-preview":"max-video-preview:-1"},"canonical":"https:\/\/www.icscoolenergy.com\/hu\/hirek\/kazan\/kazan-veszhelyzeti-tervezes-futes-es-meleg-viz-megszakitas-nelkul\/","og_locale":"hu_HU","og_type":"article","og_title":"Kaz\u00e1n v\u00e9szhelyzeti tervez\u00e9s - f\u0171t\u00e9s \u00e9s meleg v\u00edz megszak\u00edt\u00e1s n\u00e9lk\u00fcl","og_description":"A kereskedelmi kaz\u00e1nt j\u00f3l karbantartotta, de az el\u0151re nem l\u00e1that\u00f3 megt\u00f6rt\u00e9nt &#8211; nem siker\u00fclt. Fagyos hideg van, \u00e9s a szem\u00e9lyzet \u00e9s az \u00fcgyfelek a f\u0171t\u00e9s \u00e9s a meleg v\u00edz biztos\u00edt\u00e1s\u00e1ra t\u00e1maszkodnak. Az els\u0151 h\u00edv\u00e1si pont val\u00f3sz\u00edn\u0171leg a megb\u00edzhat\u00f3 kereskedelmi kaz\u00e1nszerviz c\u00e9g, akik a helysz\u00ednre rohantak, hogy megvizsg\u00e1lj\u00e1k a meghib\u00e1sod\u00e1st, de a hiba jellege miatt nem ... Read more","og_url":"https:\/\/www.icscoolenergy.com\/hu\/hirek\/kazan\/kazan-veszhelyzeti-tervezes-futes-es-meleg-viz-megszakitas-nelkul\/","og_site_name":"Hungary","article_published_time":"2023-08-02T00:00:00+00:00","article_modified_time":"2024-11-30T11:26:45+00:00","og_image":[{"width":2173,"height":764,"url":"https:\/\/www.icscoolenergy.com\/wp-content\/uploads\/sites\/10\/2024\/01\/Commercial-Boiler.jpg","type":"image\/jpeg"}],"author":"Suzanne Pinchin","twitter_card":"summary_large_image","twitter_misc":{"Written by":"Suzanne Pinchin","Est. reading time":"8 perc"},"schema":{"@context":"https:\/\/schema.org","@graph":[{"@type":"Article","@id":"https:\/\/www.icscoolenergy.com\/hu\/hirek\/kazan\/kazan-veszhelyzeti-tervezes-futes-es-meleg-viz-megszakitas-nelkul\/#article","isPartOf":{"@id":"https:\/\/www.icscoolenergy.com\/hu\/hirek\/kazan\/kazan-veszhelyzeti-tervezes-futes-es-meleg-viz-megszakitas-nelkul\/"},"author":{"name":"Suzanne Pinchin","@id":"https:\/\/www.icscoolenergy.com\/hu\/#\/schema\/person\/8cd677e70e7868a144b9f07f03e5ae2a"},"headline":"Kaz\u00e1n v\u00e9szhelyzeti tervez\u00e9s &#8211; f\u0171t\u00e9s \u00e9s meleg v\u00edz megszak\u00edt\u00e1s n\u00e9lk\u00fcl","datePublished":"2023-08-02T00:00:00+00:00","dateModified":"2024-11-30T11:26:45+00:00","mainEntityOfPage":{"@id":"https:\/\/www.icscoolenergy.com\/hu\/hirek\/kazan\/kazan-veszhelyzeti-tervezes-futes-es-meleg-viz-megszakitas-nelkul\/"},"wordCount":1665,"publisher":{"@id":"https:\/\/www.icscoolenergy.com\/hu\/#organization"},"image":{"@id":"https:\/\/www.icscoolenergy.com\/hu\/hirek\/kazan\/kazan-veszhelyzeti-tervezes-futes-es-meleg-viz-megszakitas-nelkul\/#primaryimage"},"thumbnailUrl":"https:\/\/www.icscoolenergy.com\/wp-content\/uploads\/sites\/10\/2024\/01\/Commercial-Boiler.jpg","keywords":["kaz\u00e1n","kaz\u00e1n b\u00e9rl\u00e9se","Kaz\u00e1nok","K\u00e9szenl\u00e9ti tervez\u00e9s"],"articleSection":["Kaz\u00e1n","K\u00e9szenl\u00e9ti tervez\u00e9s"],"inLanguage":"hu"},{"@type":"WebPage","@id":"https:\/\/www.icscoolenergy.com\/hu\/hirek\/kazan\/kazan-veszhelyzeti-tervezes-futes-es-meleg-viz-megszakitas-nelkul\/","url":"https:\/\/www.icscoolenergy.com\/hu\/hirek\/kazan\/kazan-veszhelyzeti-tervezes-futes-es-meleg-viz-megszakitas-nelkul\/","name":"Kaz\u00e1n v\u00e9szhelyzeti tervez\u00e9s - f\u0171t\u00e9s \u00e9s meleg v\u00edz megszak\u00edt\u00e1s n\u00e9lk\u00fcl | Hungary","isPartOf":{"@id":"https:\/\/www.icscoolenergy.com\/hu\/#website"},"primaryImageOfPage":{"@id":"https:\/\/www.icscoolenergy.com\/hu\/hirek\/kazan\/kazan-veszhelyzeti-tervezes-futes-es-meleg-viz-megszakitas-nelkul\/#primaryimage"},"image":{"@id":"https:\/\/www.icscoolenergy.com\/hu\/hirek\/kazan\/kazan-veszhelyzeti-tervezes-futes-es-meleg-viz-megszakitas-nelkul\/#primaryimage"},"thumbnailUrl":"https:\/\/www.icscoolenergy.com\/wp-content\/uploads\/sites\/10\/2024\/01\/Commercial-Boiler.jpg","datePublished":"2023-08-02T00:00:00+00:00","dateModified":"2024-11-30T11:26:45+00:00","breadcrumb":{"@id":"https:\/\/www.icscoolenergy.com\/hu\/hirek\/kazan\/kazan-veszhelyzeti-tervezes-futes-es-meleg-viz-megszakitas-nelkul\/#breadcrumb"},"inLanguage":"hu","potentialAction":[{"@type":"ReadAction","target":["https:\/\/www.icscoolenergy.com\/hu\/hirek\/kazan\/kazan-veszhelyzeti-tervezes-futes-es-meleg-viz-megszakitas-nelkul\/"]}]},{"@type":"ImageObject","inLanguage":"hu","@id":"https:\/\/www.icscoolenergy.com\/hu\/hirek\/kazan\/kazan-veszhelyzeti-tervezes-futes-es-meleg-viz-megszakitas-nelkul\/#primaryimage","url":"https:\/\/www.icscoolenergy.com\/wp-content\/uploads\/sites\/10\/2024\/01\/Commercial-Boiler.jpg","contentUrl":"https:\/\/www.icscoolenergy.com\/wp-content\/uploads\/sites\/10\/2024\/01\/Commercial-Boiler.jpg","width":2173,"height":764},{"@type":"BreadcrumbList","@id":"https:\/\/www.icscoolenergy.com\/hu\/hirek\/kazan\/kazan-veszhelyzeti-tervezes-futes-es-meleg-viz-megszakitas-nelkul\/#breadcrumb","itemListElement":[{"@type":"ListItem","position":1,"name":"Home","item":"https:\/\/www.icscoolenergy.com\/hu\/"},{"@type":"ListItem","position":2,"name":"Kaz\u00e1n v\u00e9szhelyzeti tervez\u00e9s &#8211; f\u0171t\u00e9s \u00e9s meleg v\u00edz megszak\u00edt\u00e1s n\u00e9lk\u00fcl"}]},{"@type":"WebSite","@id":"https:\/\/www.icscoolenergy.com\/hu\/#website","url":"https:\/\/www.icscoolenergy.com\/hu\/","name":"ICS Cool Energy","description":"The Process Temperature Control Specialists","publisher":{"@id":"https:\/\/www.icscoolenergy.com\/hu\/#organization"},"alternateName":"ICS","potentialAction":[{"@type":"SearchAction","target":{"@type":"EntryPoint","urlTemplate":"https:\/\/www.icscoolenergy.com\/hu\/?s={search_term_string}"},"query-input":{"@type":"PropertyValueSpecification","valueRequired":true,"valueName":"search_term_string"}}],"inLanguage":"hu"},{"@type":"Organization","@id":"https:\/\/www.icscoolenergy.com\/hu\/#organization","name":"ICS Cool Energy","url":"https:\/\/www.icscoolenergy.com\/hu\/","logo":{"@type":"ImageObject","inLanguage":"hu","@id":"https:\/\/www.icscoolenergy.com\/hu\/#\/schema\/logo\/image\/","url":"https:\/\/www.icscoolenergy.com\/wp-content\/uploads\/sites\/10\/2024\/01\/ics-cool-energy-logo.svg","contentUrl":"https:\/\/www.icscoolenergy.com\/wp-content\/uploads\/sites\/10\/2024\/01\/ics-cool-energy-logo.svg","caption":"ICS Cool Energy"},"image":{"@id":"https:\/\/www.icscoolenergy.com\/hu\/#\/schema\/logo\/image\/"},"sameAs":["https:\/\/www.linkedin.com\/company\/ics-temperature-control\/","https:\/\/www.youtube.com\/@ICSCoolEnergyLtd"],"description":"ICS Cool Energy is a market leader for process and critical temperature control solutions that keep all types and sizes of businesses and industry running. Our headquarters are situated in Southampton, with offices throughout the UK and Europe, employing over 250 people in the UK alone.","email":"info@icscoolenergy.com","telephone":"0800 840 4210","legalName":"ICS Cool Energy Limited","numberOfEmployees":{"@type":"QuantitativeValue","minValue":"201","maxValue":"500"}},{"@type":"Person","@id":"https:\/\/www.icscoolenergy.com\/hu\/#\/schema\/person\/8cd677e70e7868a144b9f07f03e5ae2a","name":"Suzanne Pinchin","image":{"@type":"ImageObject","inLanguage":"hu","@id":"https:\/\/www.icscoolenergy.com\/hu\/#\/schema\/person\/image\/","url":"https:\/\/secure.gravatar.com\/avatar\/4a62539f6a2a96c520ebf347882575b570e326ce2f92bae2a0fdbdded41f3679?s=96&d=mm&r=g","contentUrl":"https:\/\/secure.gravatar.com\/avatar\/4a62539f6a2a96c520ebf347882575b570e326ce2f92bae2a0fdbdded41f3679?s=96&d=mm&r=g","caption":"Suzanne Pinchin"}}]}},"_links":{"self":[{"href":"https:\/\/www.icscoolenergy.com\/hu\/wp-json\/wp\/v2\/posts\/86250","targetHints":{"allow":["GET"]}}],"collection":[{"href":"https:\/\/www.icscoolenergy.com\/hu\/wp-json\/wp\/v2\/posts"}],"about":[{"href":"https:\/\/www.icscoolenergy.com\/hu\/wp-json\/wp\/v2\/types\/post"}],"author":[{"embeddable":true,"href":"https:\/\/www.icscoolenergy.com\/hu\/wp-json\/wp\/v2\/users\/8"}],"replies":[{"embeddable":true,"href":"https:\/\/www.icscoolenergy.com\/hu\/wp-json\/wp\/v2\/comments?post=86250"}],"version-history":[{"count":0,"href":"https:\/\/www.icscoolenergy.com\/hu\/wp-json\/wp\/v2\/posts\/86250\/revisions"}],"wp:featuredmedia":[{"embeddable":true,"href":"https:\/\/www.icscoolenergy.com\/hu\/wp-json\/wp\/v2\/media\/86253"}],"wp:attachment":[{"href":"https:\/\/www.icscoolenergy.com\/hu\/wp-json\/wp\/v2\/media?parent=86250"}],"wp:term":[{"taxonomy":"category","embeddable":true,"href":"https:\/\/www.icscoolenergy.com\/hu\/wp-json\/wp\/v2\/categories?post=86250"},{"taxonomy":"post_tag","embeddable":true,"href":"https:\/\/www.icscoolenergy.com\/hu\/wp-json\/wp\/v2\/tags?post=86250"}],"curies":[{"name":"wp","href":"https:\/\/api.w.org\/{rel}","templated":true}]}}